{"id":9901,"date":"2025-12-25T09:05:00","date_gmt":"2025-12-25T12:05:00","guid":{"rendered":"https:\/\/www.meucontadoronline.com.br\/blog\/?p=9901"},"modified":"2026-02-04T13:08:37","modified_gmt":"2026-02-04T16:08:37","slug":"salario-familia-e-salario-maternidade-guia-empresario","status":"publish","type":"post","link":"https:\/\/www.meucontadoronline.com.br\/blog\/salario-familia-e-salario-maternidade-guia-empresario\/","title":{"rendered":"Sal\u00e1rio Fam\u00edlia e Sal\u00e1rio Maternidade: Tudo que o Empres\u00e1rio Precisa Saber"},"content":{"rendered":"<p>Se voc\u00ea \u00e9 empres\u00e1rio, sabe que a <strong>folha de pagamento<\/strong> \u00e9 um custo essencial para qualquer PME. N\u00e3o basta apenas calcular sal\u00e1rios; a <strong>gest\u00e3o de benef\u00edcios<\/strong> correta \u00e9 muito importante. Isso inclui o <strong>sal\u00e1rio fam\u00edlia empres\u00e1rio<\/strong> e o <strong>sal\u00e1rio maternidade empresa<\/strong>. Essa boa <strong>gest\u00e3o de benef\u00edcios<\/strong> protege os <strong>direitos trabalhistas <\/strong>e garante que sua <strong>empresa deve<\/strong> cumprir a lei.<\/p> <p>O gestor precisa entender que, mesmo pagando esses valores no in\u00edcio, eles s\u00e3o <strong>benef\u00edcios do inss<\/strong>, bancados pela Previd\u00eancia Social. Ignorar essas regras ou errar na presta\u00e7\u00e3o de contas no eSocial pode causar multas s\u00e9rias. Isso compromete a sa\u00fade financeira do seu neg\u00f3cio. Este guia foi criado para dar seguran\u00e7a, ajudando voc\u00ea a ter uma <strong>gest\u00e3o de benef\u00edcios<\/strong> perfeita e otimizada.<\/p> <figure class=\"wp-block-image size-large\"><a href=\"https:\/\/www.meucontadoronline.com.br\/contabilidade-online\/contabilidade-online\"><img loading=\"lazy\" decoding=\"async\" width=\"1024\" height=\"311\" src=\"https:\/\/www.meucontadoronline.com.br\/blog\/wp-content\/uploads\/2025\/12\/banner-contabilidade-online-5-1024x311.png\" alt=\"\" class=\"wp-image-9902\" srcset=\"https:\/\/www.meucontadoronline.com.br\/blog\/wp-content\/uploads\/2025\/12\/banner-contabilidade-online-5-1024x311.webp 1024w, https:\/\/www.meucontadoronline.com.br\/blog\/wp-content\/uploads\/2025\/12\/banner-contabilidade-online-5-300x91.webp 300w, https:\/\/www.meucontadoronline.com.br\/blog\/wp-content\/uploads\/2025\/12\/banner-contabilidade-online-5-768x233.webp 768w, https:\/\/www.meucontadoronline.com.br\/blog\/wp-content\/uploads\/2025\/12\/banner-contabilidade-online-5-1080x328.webp 1080w, https:\/\/www.meucontadoronline.com.br\/blog\/wp-content\/uploads\/2025\/12\/banner-contabilidade-online-5.webp 1296w\" sizes=\"auto, (max-width: 1024px) 100vw, 1024px\" \/><\/a><\/figure> <h2 class=\"wp-block-heading\"><span class=\"ez-toc-section\" id=\"o-salario-familia-empresario-regras-de-renda-e-documentos\"><\/span><strong>O Sal\u00e1rio Fam\u00edlia Empres\u00e1rio: Regras de Renda e Documentos<\/strong><span class=\"ez-toc-section-end\"><\/span><\/h2> <p>O sal\u00e1rio fam\u00edlia \u00e9 importante para mostrar o compromisso da PME com a lei. Seu uso correto apoia a qualidade de vida dos colaboradores de baixa renda. \u00c9 um benef\u00edcio para trabalhadores empregados e avulsos que recebem sal\u00e1rio menor que o teto do governo. Al\u00e9m disso, eles precisam ter dependentes que se encaixem nos crit\u00e9rios legais.<\/p> <p>O ponto-chave para a PME \u00e9 a regra de &#8220;baixa renda&#8221;. Todo ano, o INSS define um valor m\u00e1ximo de remunera\u00e7\u00e3o. Se a remunera\u00e7\u00e3o bruta do empregado for maior que esse limite, ele n\u00e3o ter\u00e1 direito ao benef\u00edcio. A empresa deve acompanhar essa mudan\u00e7a, j\u00e1 que o c\u00e1lculo \u00e9 mensal.<\/p> <p>O benef\u00edcio \u00e9 pago pela empresa pode adiantar o valor na folha e, depois, compens\u00e1-lo totalmente nas contribui\u00e7\u00f5es. Na pr\u00e1tica, a <strong>empresa pode<\/strong> adiantar o valor sem que seja um custo final. No entanto, a responsabilidade de fiscalizar os documentos \u00e9 toda do empregador.<\/p> <h3 class=\"wp-block-heading\"><span class=\"ez-toc-section\" id=\"quem-tem-direito-ao-beneficio\"><\/span><strong>Quem tem direito ao benef\u00edcio?<\/strong><span class=\"ez-toc-section-end\"><\/span><\/h3> <p>Para fins do sal\u00e1rio fam\u00edlia, a lei exige que o segurado possua:<\/p> <ul class=\"wp-block-list\">\n<li>Dependentes (filhos ou equiparados) com at\u00e9 14 anos de idade.<\/li> <li>Dependentes inv\u00e1lidos de qualquer idade, se a invalidez for comprovada pela Per\u00edcia M\u00e9dica Federal.<\/li>\n<\/ul> <p>\u00c9 essencial para o sal\u00e1rio fam\u00edlia manter-se atualizado sobre o teto de remunera\u00e7\u00e3o e o valor do benef\u00edcio por dependente. Os benef\u00edcios devem ser calculados de forma precisa, considerando a remunera\u00e7\u00e3o que servir\u00e1 de base. Se o sal\u00e1rio do empregado ultrapassar o teto em um m\u00eas, o pagamento \u00e9 suspenso para aquela compet\u00eancia.<\/p> <h3 class=\"wp-block-heading\"><span class=\"ez-toc-section\" id=\"checklist-de-documentacao-e-a-cobranca-semestral\"><\/span><strong>Checklist de Documenta\u00e7\u00e3o e a Cobran\u00e7a Semestral<\/strong><span class=\"ez-toc-section-end\"><\/span><\/h3> <p>O benef\u00edcio s\u00f3 \u00e9 devido a partir do m\u00eas em que a documenta\u00e7\u00e3o completa for entregue \u00e0 empresa. A empresa deve ter um protocolo de RH claro para pedir os documentos na concess\u00e3o inicial e a cada seis meses.<\/p> <p>A documenta\u00e7\u00e3o obrigat\u00f3ria inclui a certid\u00e3o de nascimento do dependente. Para a manuten\u00e7\u00e3o, a regra \u00e9:<\/p> <ul class=\"wp-block-list\">\n<li>Menor de 7 anos: \u00c9 necess\u00e1ria a caderneta de vacina\u00e7\u00e3o, que deve ser apresentada em novembro.<\/li> <li>De 7 a 14 anos: \u00c9 obrigat\u00f3rio o comprovante de frequ\u00eancia escolar, apresentado em maio e novembro.<\/li> <li>Inv\u00e1lido (qualquer idade): Laudo Pericial Federal.<\/li>\n<\/ul> <p>A aten\u00e7\u00e3o a esses prazos \u00e9 <strong>\u00e9 essencial<\/strong> para a seguran\u00e7a do <strong>sal\u00e1rio fam\u00edlia empres\u00e1rio<\/strong>. O empres\u00e1rio precisa ter um fluxo interno de RH que colete os documentos de frequ\u00eancia escolar duas vezes ao ano. Se a documenta\u00e7\u00e3o n\u00e3o for entregue, o pagamento do benef\u00edcio deve ser suspenso no m\u00eas seguinte.<\/p> <p>Posso pagar o Sal\u00e1rio Fam\u00edlia retroativo se o empregado demorar a entregar os documentos?<\/p> <p>N\u00e3o. O benef\u00edcio come\u00e7a a valer a partir do m\u00eas de apresenta\u00e7\u00e3o da documenta\u00e7\u00e3o completa. Tentar pagar retroativo causa inconsist\u00eancias no eSocial e o governo provavelmente n\u00e3o far\u00e1 o ressarcimento, pois fiscalizar os documentos \u00e9 dever da empresa.<\/p> <p>O que acontece se o empregado n\u00e3o apresentar a caderneta de vacina\u00e7\u00e3o ou frequ\u00eancia escolar?<\/p> <p>O pagamento do Sal\u00e1rio Fam\u00edlia deve ser suspenso. A suspens\u00e3o vale a partir do m\u00eas seguinte ao da falta de comprova\u00e7\u00e3o, at\u00e9 que a documenta\u00e7\u00e3o seja regularizada.<\/p> <h2 class=\"wp-block-heading\"><span class=\"ez-toc-section\" id=\"qual-a-responsabilidade-do-empregador-no-pagamento-do-salario-familia\"><\/span><strong>Qual a responsabilidade do empregador no pagamento do Sal\u00e1rio Fam\u00edlia?<\/strong><span class=\"ez-toc-section-end\"><\/span><\/h2> <p>O empregador deve conferir os documentos, colocar o valor do benef\u00edcio na folha de pagamento e fazer a compensa\u00e7\u00e3o no INSS (via DCTFWeb). A empresa deve garantir o pagamento a partir da data de entrega da documenta\u00e7\u00e3o completa.<\/p> <h2 class=\"wp-block-heading\"><span class=\"ez-toc-section\" id=\"qual-a-diferenca-entre-salario-familia-e-salario-normal\"><\/span><strong>Qual a diferen\u00e7a entre Sal\u00e1rio Fam\u00edlia e sal\u00e1rio normal?<\/strong><span class=\"ez-toc-section-end\"><\/span><\/h2> <p>O Sal\u00e1rio Fam\u00edlia \u00e9 um benef\u00edcio e n\u00e3o se junta ao sal\u00e1rio do empregado para a maioria dos fins legais. N\u00e3o conta para o c\u00e1lculo de f\u00e9rias ou 13\u00ba sal\u00e1rio, nem para benef\u00edcios de aposentadoria ou pens\u00e3o.<\/p> <p>O sal\u00e1rio fam\u00edlia exige um controle rigoroso dos documentos. Falhar em pedir ou atualizar a documenta\u00e7\u00e3o \u00e9 uma das principais causas de multas do INSS contra PMEs. O empregador age como fiscal. As leis trabalhistas s\u00e3o claras: sem documento, n\u00e3o h\u00e1 pagamento.<\/p> <h2 class=\"wp-block-heading\"><span class=\"ez-toc-section\" id=\"o-salario-maternidade-empresa-amparando-a-segurada-e-gerenciando-o-afastamento\"><\/span><strong>O Sal\u00e1rio Maternidade Empresa: Amparando a Segurada e Gerenciando o Afastamento<\/strong><span class=\"ez-toc-section-end\"><\/span><\/h2> <p>O sal\u00e1rio maternidade empresa \u00e9 o benef\u00edcio pago \u00e0 segurada que se afasta do ambiente de trabalho. Isso ocorre por parto, ado\u00e7\u00e3o, guarda judicial para ado\u00e7\u00e3o ou aborto n\u00e3o criminoso. Para a PME, a gest\u00e3o da Licen\u00e7a Maternidade envolve o c\u00e1lculo e o controle do afastamento. Inclui a estabilidade da empregada e um per\u00edodo de 120 dias, que pode ser feito em regime de compensa\u00e7\u00e3o.<\/p> <p>Assim como no Sal\u00e1rio Fam\u00edlia, a sal\u00e1rio maternidade adianta o pagamento para as empregadas CLT. No entanto, o custo \u00e9 totalmente ressarcido pelo INSS atrav\u00e9s da compensa\u00e7\u00e3o no eSocial e na DCTFWeb.<\/p> <p>O per\u00edodo padr\u00e3o do benef\u00edcio \u00e9 de 120 dias, mas a dura\u00e7\u00e3o muda em alguns casos. Em casos de aborto n\u00e3o criminoso ou espont\u00e2neo, o per\u00edodo \u00e9 de 14 dias para recupera\u00e7\u00e3o. Empresas que aderem ao Programa Empresa Cidad\u00e3 podem receber a op\u00e7\u00e3o de estender a licen\u00e7a para 180 dias.<\/p> <p>\u00c9 fundamental para o empres\u00e1rio entender que esse benef\u00edcio visa proteger a sa\u00fade da m\u00e3e e do beb\u00ea. Garante o cuidado e o v\u00ednculo afetivo inicial, melhorando a qualidade de vida da fam\u00edlia.<\/p> <h3 class=\"wp-block-heading\"><span class=\"ez-toc-section\" id=\"quanto-tempo-dura-o-salario-maternidade-em-casos-de-parto-e-adocao\"><\/span><strong>Quanto tempo dura o Sal\u00e1rio Maternidade em casos de parto e ado\u00e7\u00e3o?<\/strong><span class=\"ez-toc-section-end\"><\/span><\/h3> <p>O per\u00edodo padr\u00e3o \u00e9 de 120 dias. A dura\u00e7\u00e3o pode se estender para 180 dias se a empresa aderir ao Programa Empresa Cidad\u00e3.<\/p> <h3 class=\"wp-block-heading\"><span class=\"ez-toc-section\" id=\"em-caso-de-aborto-nao-criminoso-a-empregada-tem-direito-ao-salario-maternidade\"><\/span><strong>Em caso de aborto n\u00e3o criminoso, a empregada tem direito ao Sal\u00e1rio Maternidade?<\/strong><span class=\"ez-toc-section-end\"><\/span><\/h3> <p>Sim, as leis trabalhistas garantem o benef\u00edcio por 14 dias. A segurada deve apresentar um atestado m\u00e9dico que comprove o aborto espont\u00e2neo, garantindo sua recupera\u00e7\u00e3o f\u00edsica e emocional.<\/p> <h2 class=\"wp-block-heading\"><span class=\"ez-toc-section\" id=\"licenca-maternidade-e-a-estabilidade-provisoria-protegendo-os-direitos-trabalhistas-empresario\"><\/span><strong>Licen\u00e7a Maternidade e a Estabilidade Provis\u00f3ria: Protegendo os Direitos Trabalhistas Empres\u00e1rio<\/strong><span class=\"ez-toc-section-end\"><\/span><\/h2> <p>O afastamento por maternidade envolve um dos mais importantes direitos trabalhistas: a estabilidade provis\u00f3ria. A lei diz que a gestante n\u00e3o pode ser demitida sem justa causa. Isso vale desde a confirma\u00e7\u00e3o da gravidez at\u00e9 cinco meses ap\u00f3s o parto. N\u00e3o respeitar essa estabilidade gera um passivo trabalhista de alto risco para a PME.<\/p> <p>Para mais detalhes, o artigo sobre <a href=\"http:\/\/meucontadoronline.com.br\/blog\/demissao-correta-empreendedor\">Como demitir sem dor de cabe\u00e7a oferece um guia completo<\/a>. Ele mostra como proteger a PME durante esse processo.<\/p> <h3 class=\"wp-block-heading\"><span class=\"ez-toc-section\" id=\"ha-estabilidade-no-emprego-durante-e-apos-a-licenca-maternidade\"><\/span><strong>H\u00e1 estabilidade no emprego durante e ap\u00f3s a Licen\u00e7a Maternidade?<\/strong><span class=\"ez-toc-section-end\"><\/span><\/h3> <p>Sim, a empregada gestante goza de estabilidade provis\u00f3ria. Ela vale desde a confirma\u00e7\u00e3o da gravidez at\u00e9 cinco meses ap\u00f3s o parto. A demiss\u00e3o sem justa causa nesse per\u00edodo \u00e9 proibida e gera indeniza\u00e7\u00e3o e risco de passivo trabalhista para a empresa.<\/p> <p>Al\u00e9m disso, quando se fala em ado\u00e7\u00e3o ou guarda judicial para ado\u00e7\u00e3o, a regra dos 120 dias de licen\u00e7a tamb\u00e9m vale. O benef\u00edcio \u00e9 devido n\u00e3o importa a idade da crian\u00e7a adotada. O sal\u00e1rio maternidade da empresa continua adiantando o pagamento para a segurada CLT. O ressarcimento ocorre via compensa\u00e7\u00e3o no eSocial.<\/p> <h3 class=\"wp-block-heading\"><span class=\"ez-toc-section\" id=\"quem-paga-o-salario-maternidade-em-caso-de-adocao\"><\/span><strong>Quem paga o Sal\u00e1rio Maternidade em caso de ado\u00e7\u00e3o?<\/strong><span class=\"ez-toc-section-end\"><\/span><\/h3> <p>Se a segurada for empregada CLT, a empresa adianta o valor. O ressarcimento \u00e9 integralmente compensado atrav\u00e9s da DCTFWeb. Para outros benef\u00edcios e segurados (como contribuintes individuais ou MEIs), o INSS faz o pagamento direto.<\/p> <h3 class=\"wp-block-heading\"><span class=\"ez-toc-section\" id=\"qual-o-valor-do-salario-maternidade-para-a-empregada-com-carteira-assinada\"><\/span><strong>Qual o valor do Sal\u00e1rio Maternidade para a empregada com carteira assinada?<\/strong><span class=\"ez-toc-section-end\"><\/span><\/h3> <p>O valor do benef\u00edcio corresponde \u00e0 sua remunera\u00e7\u00e3o integral no momento do afastamento. Se o sal\u00e1rio for vari\u00e1vel, a m\u00e9dia dos \u00faltimos 12 sal\u00e1rios de contribui\u00e7\u00e3o \u00e9 usada. O c\u00e1lculo deve ser preciso para evitar problemas na compensa\u00e7\u00e3o com o INSS.<\/p> <h2 class=\"wp-block-heading\"><span class=\"ez-toc-section\" id=\"gestao-beneficios-e-a-compensacao-o-mecanismo-do-esocial-e-dctfweb\"><\/span><strong>Gest\u00e3o Benef\u00edcios e a Compensa\u00e7\u00e3o: O Mecanismo do eSocial e DCTFWeb<\/strong><span class=\"ez-toc-section-end\"><\/span><\/h2> <p>Este \u00e9 o cerne da <strong>gest\u00e3o de benef\u00edcios<\/strong> para o empregador de PME. \u00c9 atrav\u00e9s da compensa\u00e7\u00e3o que a empresa recupera os valores de <strong>sal\u00e1rio fam\u00edlia empres\u00e1rio<\/strong> e <strong>sal\u00e1rio maternidade empresa<\/strong> adiantados. A<strong> gest\u00e3o de benef\u00edcios<\/strong> eficiente transforma esses adiantamentos em cr\u00e9ditos fiscais.<\/p> <p>O empregador lan\u00e7a o pagamento dos benef\u00edcios inss na folha de pagamento (usando os eventos do eSocial, como o S-2230 para o afastamento). Ao fechar a folha, o eSocial junta os dados e gera a DCTFWeb. O cr\u00e9dito da empresa pode ser verificado. O sistema subtrai os valores pagos do total de impostos devidos ao INSS naquele m\u00eas.<\/p> <p>A precis\u00e3o na folha de pagamento \u00e9 vital. Qualquer erro no lan\u00e7amento de um afastamento ou no c\u00e1lculo do benef\u00edcio pode impedir a compensa\u00e7\u00e3o correta. Uma gest\u00e3o de folha eficiente, com o apoio de uma <a href=\"https:\/\/www.meucontadoronline.com.br\/contabilidade-online\/contabilidade-online\">Contabilidade Online <\/a>, garante que este processo seja suave e sem surpresas.<\/p> <h3 class=\"wp-block-heading\"><span class=\"ez-toc-section\" id=\"como-o-empregador-compensa-os-valores-de-salario-maternidade-pagos-a-funcionaria\"><\/span><strong>Como o empregador compensa os valores de Sal\u00e1rio Maternidade pagos \u00e0 funcion\u00e1ria?<\/strong><span class=\"ez-toc-section-end\"><\/span><\/h3> <p>O valor \u00e9 compensado na Guia da Previd\u00eancia Social (DCTFWeb) gerada pelo eSocial. O sistema abate o valor do total de tributos devidos pela empresa.<\/p> <h2 class=\"wp-block-heading\"><span class=\"ez-toc-section\" id=\"posso-ser-multado-no-esocial-se-nao-informar-a-licenca-maternidade-corretamente\"><\/span><strong>Posso ser multado no eSocial se n\u00e3o informar a licen\u00e7a maternidade corretamente?<\/strong><span class=\"ez-toc-section-end\"><\/span><\/h2> <p>Sim. A falta de envio do evento S-2230 (Afastamentos Tempor\u00e1rios) dentro do prazo pode gerar multas significativas. A omiss\u00e3o de dados de afastamento \u00e9 grave. As penalidades podem variar de R$ 1.812,87 a R$ 181.284,63.<\/p> <h2 class=\"wp-block-heading\"><span class=\"ez-toc-section\" id=\"vantagem-fiscal-nao-incidencia-de-inss-patronal-sobre-o-salario-maternidade\"><\/span><strong>Vantagem Fiscal: N\u00e3o Incid\u00eancia de INSS Patronal sobre o Sal\u00e1rio Maternidade<\/strong><span class=\"ez-toc-section-end\"><\/span><\/h2> <p>Um ponto de grande relev\u00e2ncia fiscal \u00e9 a decis\u00e3o do Supremo Tribunal Federal (STF). Ela fixou que o Sal\u00e1rio Maternidade n\u00e3o \u00e9 sal\u00e1rio, mas sim um benef\u00edcio.<\/p> <p><strong>Isto \u00e9 um grande al\u00edvio:<\/strong> n\u00e3o deve haver incid\u00eancia da Contribui\u00e7\u00e3o Previdenci\u00e1ria Patronal (CPP) sobre o <strong>valor do benef\u00edcio<\/strong> do Sal\u00e1rio Maternidade.<\/p> <p>Se sua contabilidade aplica essa tese corretamente, a <strong>empresa pode<\/strong> reduzir legalmente a base de c\u00e1lculo dos encargos sociais. Isso garante uma economia fiscal. Para garantir que sua empresa evite as armadilhas legais, a leitura do(\/blog\/esocial-descomplicado\/) \u00e9 um complemento indispens\u00e1vel.<\/p> <p>Para garantir que sua empresa n\u00e3o pague o INSS Patronal sobre o sal\u00e1rio maternidade, assista ao nosso v\u00eddeo.<\/p> <p><em>\u201cComo Fica o C\u00e1lculo do INSS Patronal Sobre Sal\u00e1rio Maternidade Ap\u00f3s o STF?\u201d<\/em><\/p> <figure class=\"wp-block-embed is-type-video is-provider-youtube wp-block-embed-youtube wp-embed-aspect-16-9 wp-has-aspect-ratio\"><div class=\"wp-block-embed__wrapper\">\n<iframe loading=\"lazy\" title=\"Como deve ser feito o c\u00e1lculo de INSS patronal sobre o sal\u00e1rio maternidade?\" width=\"500\" height=\"281\" src=\"https:\/\/www.youtube.com\/embed\/0au6UxRKmXM?feature=oembed\" frameborder=\"0\" allow=\"accelerometer; autoplay; clipboard-write; encrypted-media; gyroscope; picture-in-picture; web-share\" referrerpolicy=\"strict-origin-when-cross-origin\" allowfullscreen><\/iframe>\n<\/div><\/figure> <p>Clique aqui e veja o v\u00eddeo no nosso canal e garanta que sua <strong>folha de pagamento<\/strong> esteja em total conformidade fiscal.<\/p> <h3 class=\"wp-block-heading\"><span class=\"ez-toc-section\" id=\"o-reembolso-de-creditos-residuais-perdcomp-web\"><\/span><strong>O Reembolso de Cr\u00e9ditos Residuais (PER\/DCOMP Web)<\/strong><span class=\"ez-toc-section-end\"><\/span><\/h3> <p>Em muitos casos, o valor dos <strong>benef\u00edcios adiantados<\/strong> \u00e9 maior que o INSS que a <strong>empresa deve<\/strong> recolher. <strong>Nesse caso<\/strong>, a empresa fica com um saldo credor. Al\u00e9m disso, \u00e9 importante saber que o eSocial n\u00e3o compensa o cr\u00e9dito residual no m\u00eas seguinte.<\/p> <p>\u00c9 a\u00ed que entra o PER\/DCOMP Web. O empregador, atrav\u00e9s de sua contabilidade, deve pedir o reembolso (restitui\u00e7\u00e3o) desse saldo credor \u00e0 <a href=\"https:\/\/www.gov.br\/receitafederal\/pt-br\" rel=\"noopener\">Receita Federal<\/a>. Este pedido transforma o cr\u00e9dito residual em dinheiro a ser depositado na conta da PME. Ou o valor pode ser feito em cr\u00e9ditos a serem usados para compensar outros benef\u00edcios ou tributos federais (se aplic\u00e1vel).<\/p> <h3 class=\"wp-block-heading\"><span class=\"ez-toc-section\" id=\"o-que-e-o-perdcomp-web-e-quando-ele-deve-ser-usado-para-os-beneficios\"><\/span><strong>O que \u00e9 o PER\/DCOMP Web e quando ele deve ser usado para os benef\u00edcios?<\/strong><span class=\"ez-toc-section-end\"><\/span><\/h3> <p>O PER\/DCOMP Web \u00e9 o sistema da Receita Federal para pedidos de restitui\u00e7\u00e3o, ressarcimento ou compensa\u00e7\u00e3o de tributos. \u00c9 importante que o empregador do Simples Nacional entenda algumas coisas. A simplifica\u00e7\u00e3o do DAS n\u00e3o significa que ele est\u00e1 isento de todas as obriga\u00e7\u00f5es de folha de pagamento.<\/p> <h2 class=\"wp-block-heading\"><span class=\"ez-toc-section\" id=\"beneficios-no-simples-nacional-compensacao-e-reembolso\"><\/span><strong>Benef\u00edcios no Simples Nacional: Compensa\u00e7\u00e3o e Reembolso<\/strong><span class=\"ez-toc-section-end\"><\/span><\/h2> <p>\u00c9 um erro comum achar que empresas do Simples Nacional est\u00e3o isentas das regras de compensa\u00e7\u00e3o. Empresas optantes por este regime t\u00eam direito ao benef\u00edcio da compensa\u00e7\u00e3o e ao reembolso dos valores adiantados. Isso inclui o sal\u00e1rio maternidade.<\/p> <p>O ressarcimento \u00e9 garantido, geralmente, por compensa\u00e7\u00e3o em d\u00e9bitos n\u00e3o abrangidos pelo DAS. Tamb\u00e9m pode ser feito pelo pedido de restitui\u00e7\u00e3o via PER\/DCOMP Web. \u00c9 importante que o empregador do Simples Nacional entenda algumas coisas. A simplifica\u00e7\u00e3o do DAS n\u00e3o significa que ele est\u00e1 isento de todas as obriga\u00e7\u00f5es de folha de pagamento.<\/p> <h3 class=\"wp-block-heading\"><span class=\"ez-toc-section\" id=\"empresas-do-simples-nacional-podem-compensar-o-salario-maternidade-e-o-salario-familia\"><\/span><strong>Empresas do Simples Nacional podem compensar o Sal\u00e1rio Maternidade e o Sal\u00e1rio Fam\u00edlia?<\/strong><span class=\"ez-toc-section-end\"><\/span><\/h3> <p>Sim. O direito ao benef\u00edcio e ao ressarcimento \u00e9 mantido. Geralmente, isso \u00e9 feito atrav\u00e9s da compensa\u00e7\u00e3o das contribui\u00e7\u00f5es fora do DAS. Se houver saldo credor, pode-se pedir reembolso pelo PER\/DCOMP Web.<\/p> <h2 class=\"wp-block-heading\"><span class=\"ez-toc-section\" id=\"direitos-trabalhistas-empresario-planejamento-contratacao-e-cenarios-especificos\"><\/span><strong>Direitos Trabalhistas Empres\u00e1rio: Planejamento, Contrata\u00e7\u00e3o e Cen\u00e1rios Espec\u00edficos<\/strong><span class=\"ez-toc-section-end\"><\/span><\/h2> <p>A <strong>gest\u00e3o de benef\u00edcios<\/strong> precisa olhar para o futuro. Deve considerar como o afastamento afeta <strong>outros benef\u00edcios<\/strong> e como a gest\u00e3o se encaixa na decis\u00e3o de contrata\u00e7\u00e3o.&nbsp;<\/p> <h3 class=\"wp-block-heading\"><span class=\"ez-toc-section\" id=\"o-impacto-no-13o-salario-e-nas-ferias\"><\/span><strong>O Impacto no 13\u00ba Sal\u00e1rio e nas F\u00e9rias<\/strong><span class=\"ez-toc-section-end\"><\/span><\/h3> <p>O per\u00edodo de licen\u00e7a maternidade conta como tempo de servi\u00e7o para todos os efeitos. Isso inclui f\u00e9rias e 13\u00ba sal\u00e1rio. A responsabilidade pelo 13\u00ba sal\u00e1rio \u00e9 dividida, o que \u00e9 <strong>\u00e9 fundamental<\/strong> para o empres\u00e1rio:<\/p> <ul class=\"wp-block-list\">\n<li><strong>INSS:<\/strong> Paga o avo de 13\u00ba sal\u00e1rio proporcional ao per\u00edodo em que a funcion\u00e1ria recebeu o sal\u00e1rio maternidade (os meses de licen\u00e7a).<\/li> <li><strong>Empresa:<\/strong> Paga o 13\u00ba sal\u00e1rio proporcional pelos meses trabalhados antes e depois da licen\u00e7a. Isso inclui os dias efetivos de trabalho no m\u00eas de afastamento ou retorno.<\/li>\n<\/ul> <p>Al\u00e9m disso, \u00e9 importante notar que o per\u00edodo de Sal\u00e1rio Maternidade \u00e9 contado integralmente para o per\u00edodo aquisitivo de f\u00e9rias. Isso significa que a licen\u00e7a n\u00e3o prejudica o direito da empregada.<\/p> <h3 class=\"wp-block-heading\"><span class=\"ez-toc-section\" id=\"como-o-salario-maternidade-afeta-o-calculo-do-13o-salario-da-funcionaria\"><\/span><strong>Como o Sal\u00e1rio Maternidade afeta o c\u00e1lculo do 13\u00ba sal\u00e1rio da funcion\u00e1ria?<\/strong><span class=\"ez-toc-section-end\"><\/span><\/h3> <p>O 13\u00ba sal\u00e1rio \u00e9 pago integralmente. Mas a responsabilidade pelo pagamento \u00e9 dividida. O INSS paga a parte proporcional aos meses de licen\u00e7a. A empresa paga a parte referente aos meses trabalhados no ano.<\/p> <h2 class=\"wp-block-heading\"><span class=\"ez-toc-section\" id=\"o-dilema-da-contratacao-pj-ou-clt\"><\/span><strong>O Dilema da Contrata\u00e7\u00e3o: PJ ou CLT<\/strong><span class=\"ez-toc-section-end\"><\/span><\/h2> <p>Ao planejar sua equipe, o empres\u00e1rio compara os custos do CLT com a contrata\u00e7\u00e3o de um PJ. A gest\u00e3o do sal\u00e1rio fam\u00edlia empres\u00e1rio e da Licen\u00e7a Maternidade faz parte do custo total do empregado formalizado.<\/p> <p>\u00c9 vital entender que o profissional contratado como PJ \u00e9 respons\u00e1vel pelo seu pr\u00f3prio recolhimento previdenci\u00e1rio. Se for uma mulher, ela ter\u00e1 direito ao benef\u00edcio do Sal\u00e1rio Maternidade. Ela deve solicit\u00e1-lo diretamente ao INSS. O sal\u00e1rio maternidade da empresa (contratante do PJ) n\u00e3o tem responsabilidade pelo pagamento ou compensa\u00e7\u00e3o.<\/p> <h2 class=\"wp-block-heading\"><span class=\"ez-toc-section\" id=\"se-o-empregado-e-mei-ele-tem-direito-ao-salario-familia-ou-salario-maternidade\"><\/span><strong>Se o empregado \u00e9 MEI, ele tem direito ao Sal\u00e1rio Fam\u00edlia ou Sal\u00e1rio Maternidade?<\/strong><span class=\"ez-toc-section-end\"><\/span><\/h2> <p>O MEI n\u00e3o tem empregados eleg\u00edveis ao Sal\u00e1rio Fam\u00edlia. O limite de sal\u00e1rio do \u00fanico funcion\u00e1rio geralmente n\u00e3o se enquadra na regra de baixa renda. O pr\u00f3prio MEI, como segurado, tem direito ao Sal\u00e1rio Maternidade. O pagamento \u00e9 feito diretamente pelo INSS.<\/p> <p>A decis\u00e3o de contrata\u00e7\u00e3o deve ser informada pela estrat\u00e9gia do neg\u00f3cio e pelas <strong>leis trabalhistas<\/strong>. Para tomar a decis\u00e3o mais estrat\u00e9gica, consulte nosso artigo completo Contratar PJ ou CLT: O Dilema do Empreendedor e a Decis\u00e3o Certa para Seu Neg\u00f3cio&nbsp;<\/p> <p>Se sua empresa est\u00e1 crescendo e a folha de pagamento est\u00e1 ficando complexa, \u00e9 hora de buscar apoio. Esclarecendo D\u00favidas sobre Benef\u00edcios<\/p> <p>Para que sua gest\u00e3o de benef\u00edcios seja \u00e0 prova de erros, detalhamos cen\u00e1rios mais complexos que exigem aten\u00e7\u00e3o extra.<\/p> <h3 class=\"wp-block-heading\"><span class=\"ez-toc-section\" id=\"salario-familia-em-casos-de-multiplos-vinculos\"><\/span><strong>Sal\u00e1rio Fam\u00edlia em Casos de M\u00faltiplos V\u00ednculos<\/strong><span class=\"ez-toc-section-end\"><\/span><\/h3> <p>Quando um empregado CLT tem dois empregos e \u00e9 de baixa renda, surge a d\u00favida. Ele pode receber o benef\u00edcio de ambas as empresas?<\/p> <p>Sal\u00e1rio Fam\u00edlia: O INSS avalia o total das remunera\u00e7\u00f5es. Se a soma n\u00e3o ultrapassar o teto, o segurado pode receber o benef\u00edcio em ambos os empregos.&nbsp;<\/p> <p>Sal\u00e1rio Maternidade: Sim. Se a segurada tiver mais de um emprego CLT, ter\u00e1 direito \u00e0 licen\u00e7a e ao benef\u00edcio em todos os empregos que se afastar. O c\u00e1lculo da remunera\u00e7\u00e3o e a compensa\u00e7\u00e3o ser\u00e3o feitos por cada sal\u00e1rio maternidade.<\/p> <h2 class=\"wp-block-heading\"><span class=\"ez-toc-section\" id=\"a-inclusao-da-trabalhadora-rural-e-o-prazo-de-graca\"><\/span><strong>A Inclus\u00e3o da Trabalhadora Rural e o Prazo de Gra\u00e7a<\/strong><span class=\"ez-toc-section-end\"><\/span><\/h2> <p>Os benef\u00edcios n\u00e3o se limitam a trabalhadores urbanos. A trabalhadora rural, como segurada especial, tamb\u00e9m tem direito ao benef\u00edcio do Sal\u00e1rio Maternidade. O pagamento \u00e9 feito diretamente pelo INSS. A empresa deve garantir a correta classifica\u00e7\u00e3o do trabalhador no ambiente de trabalho.<\/p> <p>Al\u00e9m disso, \u00e9 importante saber que o benef\u00edcio pode ser mantido mesmo ap\u00f3s a demiss\u00e3o, se a segurada estiver no &#8220;per\u00edodo de gra\u00e7a&#8221;.<\/p> <h2 class=\"wp-block-heading\"><span class=\"ez-toc-section\" id=\"se-uma-funcionaria-e-demitida-e-descobre-a-gravidez-logo-depois-ela-perde-o-direito-ao-salario-maternidade\"><\/span><strong>Se uma funcion\u00e1ria \u00e9 demitida e descobre a gravidez logo depois, ela perde o direito ao Sal\u00e1rio Maternidade?<\/strong><span class=\"ez-toc-section-end\"><\/span><\/h2> <p>N\u00e3o. Se ela ainda estiver no &#8220;per\u00edodo de gra\u00e7a&#8221;, ela ter\u00e1 direito ao benef\u00edcio. Esse per\u00edodo \u00e9 o tempo em que a qualidade de segurado \u00e9 mantida. O pagamento ser\u00e1 feito diretamente pelo INSS.<\/p> <p>Como comprovar a invalidez de um dependente maior de 14 anos para que o empregado receba o Sal\u00e1rio Fam\u00edlia?<\/p> <p>A invalidez \u00e9 comprovada exclusivamente pela Per\u00edcia M\u00e9dica Federal do INSS. O laudo pericial deve ser apresentado \u00e0 PME. S\u00f3 assim o empregador mant\u00e9m o pagamento e a compensa\u00e7\u00e3o do sal\u00e1rio fam\u00edlia.<\/p> <p>O sal\u00e1rio fam\u00edlia \u00e9 pago para o filho que mora com o av\u00f4, mas que \u00e9 dependente do empregado?<\/p> <p>Sim. O benef\u00edcio \u00e9 devido ao empregado segurado da baixa renda pelo filho que \u00e9 seu dependente. O local de resid\u00eancia \u00e9 secund\u00e1rio. O que importa \u00e9 o v\u00ednculo legal, a comprova\u00e7\u00e3o da depend\u00eancia e o cumprimento dos requisitos de idade e renda.<\/p> <h2 class=\"wp-block-heading\"><span class=\"ez-toc-section\" id=\"a-estrategia-dos-direitos-trabalhistas-empresario-olhando-o-futuro\"><\/span><strong>A Estrat\u00e9gia dos Direitos Trabalhistas Empres\u00e1rio: Olhando o Futuro<\/strong><span class=\"ez-toc-section-end\"><\/span><\/h2> <p>A <strong>gest\u00e3o de benef\u00edcios<\/strong> impec\u00e1vel mostra solidez e responsabilidade social. Isso eleva a reputa\u00e7\u00e3o da PME e ajuda a reter talentos. Tamb\u00e9m aumenta a <strong>qualidade de vida<\/strong> da equipe.<\/p> <p>Se voc\u00ea precisa de uma parceria cont\u00e1bil que fa\u00e7a mais, \u00e9 importante ter algu\u00e9m que monitore as leis trabalhistas. Isso ajuda a proteger sua empresa de problemas com documentos. Migrar para um servi\u00e7o especializado \u00e9 a melhor op\u00e7\u00e3o. Para quem j\u00e1 tem contador, mas busca seguran\u00e7a, a troca \u00e9 simples e n\u00e3o burocr\u00e1tica.<\/p> <p>Conte com a <strong>Contabilidade Online<\/strong> do Meu Contador Online para simplificar toda a <strong>gest\u00e3o de benef\u00edcios<\/strong> e folha. Se voc\u00ea \u00e9 um empreendedor iniciando, o <a href=\"https:\/\/www.meucontadoronline.com.br\/blog\/guia-completo-abrir-empresa\/\">Nosso guia completopara abrir empresa<\/a> \u00e9 indispens\u00e1vel.&nbsp;<\/p> <p>Para entender a fundo como a tecnologia pode transformar sua rotina, explore o<a href=\"https:\/\/www.meucontadoronline.com.br\/blog\/contabilidade-online-guia-empresas-e-profissionais\/\"> Contabilidade Online: O Guia Completo para Empresas e Profissionais<\/a>.&nbsp;<\/p> <p>Seu sucesso depende de parceiros que priorizem a seguran\u00e7a dos seus <strong>direitos trabalhistas<\/strong>.<\/p>","protected":false},"excerpt":{"rendered":"<p>Se voc\u00ea \u00e9 empres\u00e1rio, sabe que a folha de pagamento \u00e9 um custo essencial para qualquer PME. N\u00e3o basta apenas calcular sal\u00e1rios; a gest\u00e3o de benef\u00edcios correta \u00e9 muito importante. Isso inclui o sal\u00e1rio fam\u00edlia empres\u00e1rio e o sal\u00e1rio maternidade empresa. Essa boa gest\u00e3o de benef\u00edcios protege os direitos trabalhistas e garante que sua empresa [&hellip;]<\/p>\n","protected":false},"author":17,"featured_media":9904,"comment_status":"open","ping_status":"closed","sticky":false,"template":"","format":"standard","meta":{"_acf_changed":false,"footnotes":""},"categories":[25,26,27],"tags":[],"class_list":["post-9901","post","type-post","status-publish","format-standard","has-post-thumbnail","hentry","category-dicas-essenciais","category-beneficios-fiscais","category-empreendedorismo"],"acf":[],"_links":{"self":[{"href":"https:\/\/www.meucontadoronline.com.br\/blog\/wp-json\/wp\/v2\/posts\/9901","targetHints":{"allow":["GET"]}}],"collection":[{"href":"https:\/\/www.meucontadoronline.com.br\/blog\/wp-json\/wp\/v2\/posts"}],"about":[{"href":"https:\/\/www.meucontadoronline.com.br\/blog\/wp-json\/wp\/v2\/types\/post"}],"author":[{"embeddable":true,"href":"https:\/\/www.meucontadoronline.com.br\/blog\/wp-json\/wp\/v2\/users\/17"}],"replies":[{"embeddable":true,"href":"https:\/\/www.meucontadoronline.com.br\/blog\/wp-json\/wp\/v2\/comments?post=9901"}],"version-history":[{"count":1,"href":"https:\/\/www.meucontadoronline.com.br\/blog\/wp-json\/wp\/v2\/posts\/9901\/revisions"}],"predecessor-version":[{"id":9905,"href":"https:\/\/www.meucontadoronline.com.br\/blog\/wp-json\/wp\/v2\/posts\/9901\/revisions\/9905"}],"wp:featuredmedia":[{"embeddable":true,"href":"https:\/\/www.meucontadoronline.com.br\/blog\/wp-json\/wp\/v2\/media\/9904"}],"wp:attachment":[{"href":"https:\/\/www.meucontadoronline.com.br\/blog\/wp-json\/wp\/v2\/media?parent=9901"}],"wp:term":[{"taxonomy":"category","embeddable":true,"href":"https:\/\/www.meucontadoronline.com.br\/blog\/wp-json\/wp\/v2\/categories?post=9901"},{"taxonomy":"post_tag","embeddable":true,"href":"https:\/\/www.meucontadoronline.com.br\/blog\/wp-json\/wp\/v2\/tags?post=9901"}],"curies":[{"name":"wp","href":"https:\/\/api.w.org\/{rel}","templated":true}]}}