{"id":8808,"date":"2025-08-25T17:42:40","date_gmt":"2025-08-25T20:42:40","guid":{"rendered":"https:\/\/www.meucontadoronline.com.br\/blog\/?p=8808"},"modified":"2025-09-22T11:53:35","modified_gmt":"2025-09-22T14:53:35","slug":"como-criar-uma-marca-pessoal","status":"publish","type":"post","link":"https:\/\/www.meucontadoronline.com.br\/blog\/como-criar-uma-marca-pessoal\/","title":{"rendered":"Como criar uma marca pessoal forte?"},"content":{"rendered":"<p>Empreender no Brasil \u00e9 um desafio que vai muito al\u00e9m de abrir um CNPJ e oferecer produtos ou servi\u00e7os. Em um mercado cada vez mais competitivo, os clientes n\u00e3o buscam apenas solu\u00e7\u00f5es t\u00e9cnicas \u2014 eles querem se relacionar com pessoas e marcas em que possam confiar. \u00c9 nesse cen\u00e1rio que entra a <strong>marca pessoal<\/strong>, um dos ativos mais importantes para qualquer empreendedor.<\/p>\n<p>Uma marca pessoal forte \u00e9 capaz de <strong>diferenciar voc\u00ea da concorr\u00eancia<\/strong>, criar conex\u00f5es verdadeiras com o p\u00fablico e abrir portas para novas oportunidades de neg\u00f3cio. Afinal, quando um cliente pensa em contratar um servi\u00e7o ou comprar um produto, ele se lembra primeiro das pessoas que transmitem <strong>credibilidade, autenticidade e autoridade<\/strong>.<\/p>\n<p>Mas surge a d\u00favida: <strong>como criar uma marca pessoal forte?<\/strong> Quais passos seguir para construir uma identidade que realmente se destaque no mercado? Essas s\u00e3o algumas das <strong>perguntas frequentes sobre empreendedorismo<\/strong> que vamos responder neste artigo.<\/p>\n<p>Ao longo da leitura, voc\u00ea vai entender o que \u00e9 marca pessoal, por que ela \u00e9 t\u00e3o importante e quais estrat\u00e9gias pr\u00e1ticas podem ser aplicadas para fortalecer sua presen\u00e7a no mercado e consolidar seu posicionamento como empreendedor.<\/p>\n<p>&nbsp;<\/p>\n<p>Vai abrir empresa? Confira tamb\u00e9m nosso\u00a0<a href=\"https:\/\/www.meucontadoronline.com.br\/blog\/guia-completo-abrir-empresa\" data-schema-attribute=\"about mentions\">Guia Completo para Abrir Empresa: Dicas e Passo a Passo<\/a><\/p>\n<div id=\"ez-toc-container\" class=\"ez-toc-v2_0_80 ez-toc-wrap-left-text counter-hierarchy ez-toc-counter ez-toc-custom ez-toc-container-direction\">\n<div class=\"ez-toc-title-container\">\n<div class=\"ez-toc-title\" style=\"cursor:inherit\">Neste artigo voc\u00ea vai ver:<\/div>\n<span class=\"ez-toc-title-toggle\"><\/span><\/div>\n<nav><ul class='ez-toc-list ez-toc-list-level-1 ' ><li class='ez-toc-page-1 ez-toc-heading-level-2'><a class=\"ez-toc-link ez-toc-heading-1\" href=\"https:\/\/www.meucontadoronline.com.br\/blog\/como-criar-uma-marca-pessoal\/#o-que-e-marca-pessoal\" >O que \u00e9 marca pessoal?<\/a><\/li><li class='ez-toc-page-1 ez-toc-heading-level-2'><a class=\"ez-toc-link ez-toc-heading-2\" href=\"https:\/\/www.meucontadoronline.com.br\/blog\/como-criar-uma-marca-pessoal\/#elementos-que-compoem-uma-marca-pessoal\" >Elementos que comp\u00f5em uma marca pessoal:<\/a><\/li><li class='ez-toc-page-1 ez-toc-heading-level-2'><a class=\"ez-toc-link ez-toc-heading-3\" href=\"https:\/\/www.meucontadoronline.com.br\/blog\/como-criar-uma-marca-pessoal\/#por-que-a-marca-pessoal-e-importante-para-empreendedores\" >Por que a marca pessoal \u00e9 importante para empreendedores?<\/a><\/li><li class='ez-toc-page-1 ez-toc-heading-level-2'><a class=\"ez-toc-link ez-toc-heading-4\" href=\"https:\/\/www.meucontadoronline.com.br\/blog\/como-criar-uma-marca-pessoal\/#como-criar-uma-marca-pessoal-forte-guia-pratico\" >Como criar uma marca pessoal forte? (guia pr\u00e1tico)<\/a><\/li><li class='ez-toc-page-1 ez-toc-heading-level-2'><a class=\"ez-toc-link ez-toc-heading-5\" href=\"https:\/\/www.meucontadoronline.com.br\/blog\/como-criar-uma-marca-pessoal\/#5-erros-comuns-ao-construir-marca-pessoal\" >5 Erros comuns ao construir marca pessoal<\/a><\/li><li class='ez-toc-page-1 ez-toc-heading-level-2'><a class=\"ez-toc-link ez-toc-heading-6\" href=\"https:\/\/www.meucontadoronline.com.br\/blog\/como-criar-uma-marca-pessoal\/#-exemplos-praticos-de-marca-pessoal\" >\u00a0Exemplos pr\u00e1ticos de marca pessoal<\/a><\/li><li class='ez-toc-page-1 ez-toc-heading-level-2'><a class=\"ez-toc-link ez-toc-heading-7\" href=\"https:\/\/www.meucontadoronline.com.br\/blog\/como-criar-uma-marca-pessoal\/#checklist-rapido-construindo-sua-marca-pessoal\" >Checklist r\u00e1pido: Construindo sua marca pessoal<\/a><\/li><li class='ez-toc-page-1 ez-toc-heading-level-2'><a class=\"ez-toc-link ez-toc-heading-8\" href=\"https:\/\/www.meucontadoronline.com.br\/blog\/como-criar-uma-marca-pessoal\/#perguntas-frequentes-sobre-marca-pessoal\" >Perguntas Frequentes sobre Marca Pessoal<\/a><\/li><\/ul><\/nav><\/div>\n<h2><span class=\"ez-toc-section\" id=\"o-que-e-marca-pessoal\"><\/span><strong>O que \u00e9 marca pessoal?<\/strong><span class=\"ez-toc-section-end\"><\/span><\/h2>\n<p>A <strong>marca pessoal<\/strong> \u00e9 o conjunto de percep\u00e7\u00f5es, valores e experi\u00eancias que as pessoas associam a voc\u00ea como profissional. N\u00e3o se trata apenas da sua profiss\u00e3o ou do que voc\u00ea faz, mas de <strong>como voc\u00ea se posiciona no mercado, se comunica e se diferencia<\/strong>.<\/p>\n<p>Em outras palavras, a marca pessoal \u00e9 a forma como voc\u00ea \u00e9 lembrado e reconhecido. Ela envolve aspectos tang\u00edveis \u2014 como presen\u00e7a digital, estilo de comunica\u00e7\u00e3o e visual \u2014 e intang\u00edveis, como reputa\u00e7\u00e3o, credibilidade e autenticidade.<\/p>\n<p>\ud83d\udca1 <strong>Importante:<\/strong> todos n\u00f3s j\u00e1 temos uma marca pessoal, mesmo sem perceber. O que muda \u00e9 se voc\u00ea est\u00e1 <strong>construindo-a de forma intencional<\/strong> ou deixando que os outros criem essa percep\u00e7\u00e3o por conta pr\u00f3pria.<\/p>\n<p><strong>Exemplos pr\u00e1ticos:<\/strong><\/p>\n<ul>\n<li>Um <strong>advogado<\/strong> que se posiciona como especialista em direito empresarial, publica conte\u00fados claros no LinkedIn e participa de eventos do setor constr\u00f3i autoridade e \u00e9 lembrado como refer\u00eancia.<\/li>\n<li>Um <strong>contador<\/strong> que simplifica a contabilidade para MEIs em v\u00eddeos curtos no Instagram passa a imagem de acess\u00edvel, moderno e confi\u00e1vel.<\/li>\n<li>Um <strong>empreendedor digital<\/strong> que compartilha hist\u00f3rias da pr\u00f3pria jornada, com erros e aprendizados, gera identifica\u00e7\u00e3o e aproxima o p\u00fablico, fortalecendo sua autenticidade.<\/li>\n<\/ul>\n<h2><span class=\"ez-toc-section\" id=\"elementos-que-compoem-uma-marca-pessoal\"><\/span><strong>Elementos que comp\u00f5em uma marca pessoal:<\/strong><span class=\"ez-toc-section-end\"><\/span><\/h2>\n<ul>\n<li><strong>Valores e prop\u00f3sito:<\/strong> o que voc\u00ea defende e representa.<\/li>\n<li><strong>Posicionamento:<\/strong> como voc\u00ea quer ser percebido no mercado.<\/li>\n<li><strong>Comunica\u00e7\u00e3o:<\/strong> linguagem, tom de voz e canais utilizados.<\/li>\n<li><strong>Reputa\u00e7\u00e3o:<\/strong> a confian\u00e7a que voc\u00ea gera a partir de suas a\u00e7\u00f5es.<\/li>\n<li><strong>Consist\u00eancia:<\/strong> a capacidade de manter sua identidade em diferentes contextos.<\/li>\n<\/ul>\n<p>Construir uma marca pessoal forte \u00e9, portanto, <strong>assumir o controle da narrativa sobre quem voc\u00ea \u00e9 como profissional<\/strong>. Isso faz com que clientes, parceiros e investidores se sintam mais seguros ao escolher trabalhar com voc\u00ea.<\/p>\n<h2><span class=\"ez-toc-section\" id=\"por-que-a-marca-pessoal-e-importante-para-empreendedores\"><\/span><strong>Por que a marca pessoal \u00e9 importante para empreendedores?<\/strong><span class=\"ez-toc-section-end\"><\/span><\/h2>\n<p>No empreendedorismo, especialmente em pequenos neg\u00f3cios e carreiras aut\u00f4nomas, muitas vezes <strong>o cliente escolhe primeiro a pessoa antes mesmo da empresa<\/strong>. Isso significa que a forma como voc\u00ea se posiciona no mercado pode ser decisiva para conquistar ou perder uma oportunidade.<\/p>\n<p>Ter uma <strong>marca pessoal forte<\/strong> vai muito al\u00e9m de marketing pessoal: \u00e9 uma estrat\u00e9gia de neg\u00f3cios. Ela fortalece sua reputa\u00e7\u00e3o, cria conex\u00e3o emocional com o p\u00fablico e transmite confian\u00e7a \u2014 tr\u00eas elementos fundamentais para quem est\u00e1 construindo ou expandindo uma empresa.<\/p>\n<p><strong>Principais benef\u00edcios:<\/strong><\/p>\n<ul>\n<li><strong>Credibilidade imediata<\/strong><br \/>\nQuando sua marca pessoal \u00e9 consistente, clientes sentem mais seguran\u00e7a em fechar neg\u00f3cio, mesmo sem conhecer profundamente sua empresa.<\/li>\n<\/ul>\n<p>\ud83d\udccc <em>Exemplo:<\/em> um consultor financeiro que compartilha dicas pr\u00e1ticas e cases de sucesso no LinkedIn transmite autoridade e conquista a confian\u00e7a de novos clientes antes mesmo da primeira reuni\u00e3o.<\/p>\n<ul>\n<li><strong>Diferencia\u00e7\u00e3o em mercados competitivos<\/strong><br \/>\nEm setores onde muitos oferecem servi\u00e7os semelhantes, a marca pessoal se torna um <strong>fator decisivo de escolha<\/strong>.<br \/>\n\ud83d\udccc <em>Exemplo:<\/em> dois contadores podem oferecer o mesmo servi\u00e7o, mas aquele que se comunica de forma simples e acess\u00edvel nas redes sociais tende a atrair mais clientes que buscam clareza.<\/li>\n<\/ul>\n<ul>\n<li><strong>Abertura para novas oportunidades<\/strong><br \/>\nUma marca pessoal forte aumenta a visibilidade e gera convites para palestras, entrevistas, parcerias e colabora\u00e7\u00f5es.<br \/>\n\ud83d\udccc <em>Exemplo:<\/em> um advogado especializado em startups pode ser convidado para eventos do setor por j\u00e1 se posicionar como refer\u00eancia em inova\u00e7\u00e3o jur\u00eddica.<\/li>\n<\/ul>\n<ul>\n<li><strong>Atra\u00e7\u00e3o de clientes ideais<\/strong><br \/>\nEm vez de atender qualquer perfil, voc\u00ea passa a atrair pessoas que se identificam com seus valores e estilo de trabalho, facilitando o relacionamento e aumentando a satisfa\u00e7\u00e3o.<\/li>\n<\/ul>\n<p>\ud83d\udccc <em>Exemplo:<\/em> uma nutricionista que se posiciona no Instagram com foco em alimenta\u00e7\u00e3o pr\u00e1tica para m\u00e3es acaba atraindo justamente esse perfil de cliente, criando uma comunidade fiel.<\/p>\n<ul>\n<li><strong>Fortalecimento da empresa<\/strong><br \/>\nNo caso de empreendedores, a marca pessoal se conecta diretamente \u00e0 marca do neg\u00f3cio. Se o p\u00fablico confia em voc\u00ea, tamb\u00e9m passa a confiar mais rapidamente na sua empresa.<\/li>\n<\/ul>\n<p>\ud83d\udccc <em>Exemplo:<\/em> no <strong>Meu Contador Online<\/strong>, ao mostrar conhecimento em contabilidade digital e estrat\u00e9gias de neg\u00f3cios, os s\u00f3cios fortalecem n\u00e3o apenas suas marcas pessoais, mas tamb\u00e9m a credibilidade da empresa no mercado.<\/p>\n<h2><span class=\"ez-toc-section\" id=\"como-criar-uma-marca-pessoal-forte-guia-pratico\"><\/span><strong>Como criar uma marca pessoal forte? (guia pr\u00e1tico)<\/strong><span class=\"ez-toc-section-end\"><\/span><\/h2>\n<p>Construir uma marca pessoal forte exige <strong>clareza, consist\u00eancia e autenticidade<\/strong>. N\u00e3o se trata de criar uma imagem artificial, mas sim de valorizar seus pontos fortes e comunicar de forma estrat\u00e9gica o que voc\u00ea representa.<\/p>\n<p>Veja o passo a passo:<\/p>\n<ol>\n<li><strong> Defina seus valores e prop\u00f3sito<\/strong><\/li>\n<\/ol>\n<p>Pergunte-se: <em>O que eu quero representar no mercado?<\/em><\/p>\n<ul>\n<li>Seus valores devem guiar todas as a\u00e7\u00f5es e comunica\u00e7\u00f5es.<\/li>\n<li>Um prop\u00f3sito claro conecta emocionalmente o p\u00fablico com a sua marca.<\/li>\n<\/ul>\n<p>\ud83d\udccc <em>Exemplo:<\/em> um contador pode ter como prop\u00f3sito \u201ctornar a contabilidade simples e acess\u00edvel para pequenos empreendedores\u201d.<\/p>\n<ol start=\"2\">\n<li><strong> Identifique seu p\u00fablico-alvo<\/strong><\/li>\n<\/ol>\n<p>Quem voc\u00ea deseja impactar com sua marca?<\/p>\n<ul>\n<li>Liste idade, profiss\u00e3o, h\u00e1bitos de consumo e interesses.<\/li>\n<li>Pense em quais dores e necessidades esse p\u00fablico possui.<\/li>\n<\/ul>\n<p>\ud83d\udccc <em>Exemplo:<\/em> um advogado pode focar sua marca pessoal em <strong>empreendedores digitais<\/strong>, oferecendo conte\u00fados e dicas direcionadas a esse nicho.<\/p>\n<ol start=\"3\">\n<li><strong> Construa seu posicionamento<\/strong><\/li>\n<\/ol>\n<p>Responda em uma frase curta: <em>pelo que quero ser lembrado?<\/em><\/p>\n<ul>\n<li>Especialista em qu\u00ea?<\/li>\n<li>Qual diferencial quero destacar?<\/li>\n<li>Que mensagem desejo transmitir?<\/li>\n<\/ul>\n<p>\ud83d\udccc <em>Exemplo:<\/em> \u201cEspecialista em ajudar MEIs a organizar sua vida financeira de forma simples e digital.\u201d<\/p>\n<ol start=\"4\">\n<li><strong> Fortale\u00e7a sua presen\u00e7a digital<\/strong><\/li>\n<\/ol>\n<p>Sua marca pessoal precisa ser <strong>vis\u00edvel e acess\u00edvel<\/strong>.<\/p>\n<ul>\n<li><strong>LinkedIn:<\/strong> ideal para mostrar autoridade e networking.<\/li>\n<li><strong>Instagram\/TikTok:<\/strong> \u00f3timo para proximidade e conte\u00fados r\u00e1pidos.<\/li>\n<li><strong>Blog ou site:<\/strong> aumenta credibilidade e melhora o ranqueamento no Google.<\/li>\n<\/ul>\n<p>\ud83d\udccc <em>Dica pr\u00e1tica:<\/em> publique conte\u00fados que eduquem o p\u00fablico, mostrando seu conhecimento e ajudando a resolver problemas reais.<\/p>\n<ol start=\"5\">\n<li><strong> Invista em networking estrat\u00e9gico<\/strong><\/li>\n<\/ol>\n<p>Relacionamentos constroem reputa\u00e7\u00e3o.<\/p>\n<ul>\n<li>Participe de eventos do setor.<\/li>\n<li>Interaja em comunidades online.<\/li>\n<li>Fa\u00e7a parcerias com profissionais complementares.<\/li>\n<\/ul>\n<p>\ud83d\udccc <em>Exemplo:<\/em> um contador pode se conectar a empresas de sa\u00fade corporativa ou advocacia empresarial, gerando indica\u00e7\u00f5es m\u00fatuas.<\/p>\n<ol start=\"6\">\n<li><strong> Mantenha consist\u00eancia e autenticidade<\/strong><\/li>\n<\/ol>\n<p>Sua marca pessoal deve ser coerente em todos os pontos de contato.<\/p>\n<ul>\n<li>Use o mesmo tom de voz online e offline.<\/li>\n<li>N\u00e3o tente copiar outras pessoas: a autenticidade \u00e9 o que gera confian\u00e7a.<\/li>\n<\/ul>\n<p>\ud83d\udccc <em>Exemplo:<\/em> se sua proposta \u00e9 simplificar, evite comunica\u00e7\u00f5es t\u00e9cnicas demais que afastem o p\u00fablico.<\/p>\n<ol start=\"7\">\n<li><strong> Monitore e ajuste sua marca pessoal<\/strong><\/li>\n<\/ol>\n<p>Assim como uma empresa revisa estrat\u00e9gias, sua marca pessoal tamb\u00e9m precisa ser acompanhada.<\/p>\n<ul>\n<li>Pe\u00e7a feedback para clientes e parceiros.<\/li>\n<li>Analise m\u00e9tricas em redes sociais.<\/li>\n<li>Ajuste sua comunica\u00e7\u00e3o quando necess\u00e1rio.<\/li>\n<\/ul>\n<p>\u2728 <strong>Resumo pr\u00e1tico:<\/strong> Uma marca pessoal forte \u00e9 constru\u00edda com base em <strong>clareza no prop\u00f3sito, foco no p\u00fablico ideal, consist\u00eancia de comunica\u00e7\u00e3o e autenticidade nas a\u00e7\u00f5es<\/strong>. Leia mais em:\u00a0<a href=\"https:\/\/www.meucontadoronline.com.br\/blog\/erros-na-contabilidade\/\" data-schema-attribute=\"about mentions\">Como o Marketing Digital pode Ajudar o Meu Neg\u00f3cio<\/a><\/p>\n<p>&nbsp;<\/p>\n<h2><span class=\"ez-toc-section\" id=\"5-erros-comuns-ao-construir-marca-pessoal\"><\/span><strong>5 Erros comuns ao construir marca pessoal<\/strong><span class=\"ez-toc-section-end\"><\/span><\/h2>\n<p>Muitos empreendedores entendem a import\u00e2ncia de ter uma marca pessoal, mas acabam cometendo falhas que prejudicam sua imagem no mercado. Esses erros podem afastar clientes, enfraquecer sua credibilidade e at\u00e9 limitar as oportunidades de neg\u00f3cio. Confira os mais comuns e como evit\u00e1-los:<\/p>\n<ol>\n<li><strong> Fingir ser algu\u00e9m que n\u00e3o \u00e9<\/strong><\/li>\n<\/ol>\n<p>Alguns profissionais tentam criar uma imagem idealizada, copiando modelos de outras pessoas ou passando uma impress\u00e3o distante da realidade.<br \/>\n\u27a1\ufe0f <strong>Problema:<\/strong> o p\u00fablico rapidamente percebe quando h\u00e1 falta de autenticidade, o que gera desconfian\u00e7a.<br \/>\n\u27a1\ufe0f <strong>Como evitar:<\/strong> seja verdadeiro, mostre seus valores e deixe claro quem voc\u00ea realmente \u00e9. A autenticidade gera conex\u00e3o.<\/p>\n<p>\ud83d\udccc <em>Exemplo:<\/em> um consultor que finge ser formal e distante nas redes sociais, mas no atendimento \u00e9 simp\u00e1tico e acess\u00edvel, acaba transmitindo incoer\u00eancia.<\/p>\n<ol start=\"2\">\n<li><strong> Falta de consist\u00eancia<\/strong><\/li>\n<\/ol>\n<p>Um dia voc\u00ea se posiciona como especialista em um tema, no outro fala de algo totalmente diferente e sem rela\u00e7\u00e3o com sua \u00e1rea. Essa oscila\u00e7\u00e3o confunde o p\u00fablico.<br \/>\n\u27a1\ufe0f <strong>Problema:<\/strong> uma marca pessoal incoerente transmite inseguran\u00e7a.<br \/>\n\u27a1\ufe0f <strong>Como evitar:<\/strong> mantenha um posicionamento claro e consistente em todos os canais.<\/p>\n<p>\ud83d\udccc <em>Exemplo:<\/em> um nutricionista que se apresenta como especialista em alimenta\u00e7\u00e3o saud\u00e1vel, mas vive divulgando fast food nas redes sociais, prejudica sua credibilidade.<\/p>\n<ol start=\"3\">\n<li><strong> Ignorar feedbacks e percep\u00e7\u00e3o do p\u00fablico<\/strong><\/li>\n<\/ol>\n<p>Muitas vezes, voc\u00ea se v\u00ea de uma forma, mas os clientes enxergam outra. N\u00e3o ouvir essas percep\u00e7\u00f5es pode limitar a evolu\u00e7\u00e3o da sua marca pessoal.<br \/>\n\u27a1\ufe0f <strong>Problema:<\/strong> a marca pessoal n\u00e3o se fortalece porque n\u00e3o acompanha a forma como o p\u00fablico realmente reage.<br \/>\n\u27a1\ufe0f <strong>Como evitar:<\/strong> pe\u00e7a feedbacks de clientes, parceiros e at\u00e9 seguidores. Use essas informa\u00e7\u00f5es para alinhar sua comunica\u00e7\u00e3o.<\/p>\n<p>\ud83d\udccc <em>Exemplo:<\/em> um advogado que se comunica com termos t\u00e9cnicos pode perceber, pelo retorno dos seguidores, que precisa simplificar a linguagem para atingir seu p\u00fablico.<\/p>\n<ol start=\"4\">\n<li><strong> Tentar falar com todo mundo<\/strong><\/li>\n<\/ol>\n<p>\u201cMeu p\u00fablico \u00e9 qualquer pessoa que precisar do meu servi\u00e7o\u201d \u00e9 um erro comum. Quem tenta agradar a todos acaba n\u00e3o se conectando com ningu\u00e9m.<br \/>\n\u27a1\ufe0f <strong>Problema:<\/strong> falta de foco no p\u00fablico-alvo enfraquece a comunica\u00e7\u00e3o e dispersa esfor\u00e7os.<br \/>\n\u27a1\ufe0f <strong>Como evitar:<\/strong> defina claramente quem voc\u00ea deseja impactar e construa sua marca voltada a esse grupo.<\/p>\n<p>\ud83d\udccc <em>Exemplo:<\/em> um contador pode atender v\u00e1rios tipos de empresas, mas se posicionar especificamente como especialista em <strong>MEIs<\/strong> atrai clientes mais alinhados e gera autoridade no nicho.<\/p>\n<ol start=\"5\">\n<li><strong> N\u00e3o cuidar da imagem digital<\/strong><\/li>\n<\/ol>\n<p>Hoje, grande parte da percep\u00e7\u00e3o de marca \u00e9 constru\u00edda online. Deixar perfis desatualizados, n\u00e3o interagir com seguidores ou publicar conte\u00fados de baixa qualidade compromete a reputa\u00e7\u00e3o.<br \/>\n\u27a1\ufe0f <strong>Problema:<\/strong> sua marca pessoal perde for\u00e7a e pode at\u00e9 transmitir amadorismo.<br \/>\n\u27a1\ufe0f <strong>Como evitar:<\/strong> mantenha suas redes atualizadas, compartilhe conte\u00fados de valor e seja presente de forma estrat\u00e9gica.<\/p>\n<p>\ud83d\udccc <em>Exemplo:<\/em> um coach que n\u00e3o atualiza o LinkedIn h\u00e1 dois anos transmite a impress\u00e3o de estar inativo no mercado, mesmo tendo bons projetos em andamento.<\/p>\n<p>\u2728 A marca pessoal \u00e9 constru\u00edda todos os dias, por meio da soma das suas atitudes, comunica\u00e7\u00f5es e intera\u00e7\u00f5es. Evitar esses erros \u00e9 essencial para transmitir <strong>credibilidade, confian\u00e7a e autenticidade<\/strong> ao p\u00fablico.<\/p>\n<h2><span class=\"ez-toc-section\" id=\"-exemplos-praticos-de-marca-pessoal\"><\/span><strong>\u00a0Exemplos pr\u00e1ticos de marca pessoal<\/strong><span class=\"ez-toc-section-end\"><\/span><\/h2>\n<ul>\n<li><strong>Empreendedor digital:<\/strong> cria autoridade produzindo conte\u00fados semanais no YouTube com dicas do setor.<\/li>\n<li><strong>Consultor de neg\u00f3cios:<\/strong> se posiciona como especialista em gest\u00e3o de pequenas empresas, publicando cases reais no LinkedIn.<\/li>\n<li><strong>Profissional liberal (advogado, contador, m\u00e9dico):<\/strong> transmite confian\u00e7a ao produzir conte\u00fados explicativos e acess\u00edveis para o p\u00fablico leigo.<\/li>\n<\/ul>\n<h2><span class=\"ez-toc-section\" id=\"checklist-rapido-construindo-sua-marca-pessoal\"><\/span><strong>Checklist r\u00e1pido: Construindo sua marca pessoal<\/strong><span class=\"ez-toc-section-end\"><\/span><\/h2>\n<p>\u2705 Tenha clareza sobre prop\u00f3sito e valores.<br \/>\n\u2705 Defina quem \u00e9 seu p\u00fablico-alvo.<br \/>\n\u2705 Produza conte\u00fado de valor e de forma consistente.<br \/>\n\u2705 Trabalhe networking e parcerias estrat\u00e9gicas.<br \/>\n\u2705 Alinhe sua comunica\u00e7\u00e3o em todos os canais.<\/p>\n<p>&nbsp;<\/p>\n<h2><span class=\"ez-toc-section\" id=\"perguntas-frequentes-sobre-marca-pessoal\"><\/span><strong>Perguntas Frequentes sobre Marca Pessoal<\/strong><span class=\"ez-toc-section-end\"><\/span><\/h2>\n<ol>\n<li><strong> Qual \u00e9 a diferen\u00e7a entre marca pessoal e marca da empresa?<\/strong><\/li>\n<\/ol>\n<p>A <strong>marca pessoal<\/strong> est\u00e1 ligada \u00e0 sua identidade como profissional \u2014 sua reputa\u00e7\u00e3o, seus valores e como voc\u00ea \u00e9 percebido. J\u00e1 a <strong>marca da empresa<\/strong> representa o neg\u00f3cio como um todo, com identidade visual, posicionamento e produtos. As duas podem (e devem) se complementar.<\/p>\n<ol start=\"2\">\n<li><strong> Preciso ter uma empresa para construir uma marca pessoal?<\/strong><\/li>\n<\/ol>\n<p>N\u00e3o. Profissionais aut\u00f4nomos, freelancers e at\u00e9 pessoas em in\u00edcio de carreira podem (e devem) investir na marca pessoal. Ela ajuda a abrir portas e gera credibilidade independentemente do tamanho do neg\u00f3cio.<\/p>\n<ol start=\"3\">\n<li><strong> Como come\u00e7ar a criar minha marca pessoal mesmo sem experi\u00eancia?<\/strong><\/li>\n<\/ol>\n<p>Comece definindo seus valores, escolhendo um p\u00fablico-alvo e compartilhando conte\u00fados simples que gerem valor. Aos poucos, sua autoridade cresce e sua reputa\u00e7\u00e3o se fortalece.<\/p>\n<ol start=\"4\">\n<li><strong> Quais erros devo evitar ao construir minha marca pessoal?<\/strong><\/li>\n<\/ol>\n<ul>\n<li>Tentar copiar outras pessoas.<\/li>\n<li>Ser inconsistente na comunica\u00e7\u00e3o.<\/li>\n<li>Focar apenas em autopromo\u00e7\u00e3o e n\u00e3o em gerar valor.<\/li>\n<li>Ignorar feedbacks sobre como \u00e9 percebido.<\/li>\n<\/ul>\n<ol start=\"5\">\n<li><strong> A marca pessoal precisa ser igual em todas as redes sociais?<\/strong><\/li>\n<\/ol>\n<p>Sim, mas com adapta\u00e7\u00f5es. Sua mensagem deve ser consistente em todos os canais, mas o formato pode variar. Exemplo: no LinkedIn, conte\u00fado mais t\u00e9cnico; no Instagram, abordagem mais leve e pr\u00f3xima.<\/p>\n<ol start=\"6\">\n<li><strong> Marca pessoal ajuda mesmo a conquistar mais clientes?<\/strong><\/li>\n<\/ol>\n<p>Com certeza. Clientes escolhem pessoas em quem confiam. Uma marca pessoal bem constru\u00edda gera autoridade, transmite credibilidade e atrai clientes que se identificam com seus valores.<\/p>\n<p><strong>Conclus\u00e3o<\/strong><\/p>\n<p>Construir uma <strong>marca pessoal forte<\/strong> n\u00e3o \u00e9 algo que acontece da noite para o dia. \u00c9 um processo cont\u00ednuo de autoconhecimento, posicionamento e consist\u00eancia. Cada conte\u00fado que voc\u00ea compartilha, cada intera\u00e7\u00e3o que realiza e cada experi\u00eancia que oferece ao seu p\u00fablico contribui para fortalecer ou enfraquecer a forma como voc\u00ea \u00e9 lembrado.<\/p>\n<p>No universo do empreendedorismo, a marca pessoal se torna ainda mais estrat\u00e9gica: ela pode ser o diferencial que leva clientes a escolherem o seu servi\u00e7o em vez do do concorrente. Uma marca aut\u00eantica e bem estruturada gera <strong>confian\u00e7a, autoridade e conex\u00f5es verdadeiras<\/strong> \u2014 tr\u00eas pilares fundamentais para o sucesso de qualquer neg\u00f3cio.<\/p>\n<p>Ao evitar erros comuns, alinhar sua comunica\u00e7\u00e3o ao seu prop\u00f3sito e entender quem \u00e9 seu p\u00fablico ideal, voc\u00ea constr\u00f3i uma identidade s\u00f3lida que atrai clientes certos, fortalece parcerias e abre portas para novas oportunidades.<\/p>\n<p>E lembre-se: assim como a sua imagem profissional precisa estar clara e organizada, a <strong>sa\u00fade financeira da sua empresa tamb\u00e9m deve estar em ordem<\/strong>. \u00c9 aqui que o <strong>Meu Contador Online<\/strong> entra como parceiro estrat\u00e9gico, ajudando empreendedores a simplificar a contabilidade, evitar erros e focar no que realmente importa: <strong>crescer com seguran\u00e7a e consist\u00eancia<\/strong>.<\/p>\n<p>\ud83d\udc49 Se voc\u00ea deseja dar o pr\u00f3ximo passo para profissionalizar n\u00e3o s\u00f3 sua marca pessoal, mas tamb\u00e9m a gest\u00e3o do seu neg\u00f3cio, fale com a nossa equipe e descubra como podemos ajudar.<\/p>","protected":false},"excerpt":{"rendered":"<p>Descubra como criar uma marca pessoal forte no empreendedorismo. Veja dicas pr\u00e1ticas, erros a evitar e estrat\u00e9gias para conquistar autoridade e clientes.<\/p>\n","protected":false},"author":25,"featured_media":8838,"comment_status":"open","ping_status":"closed","sticky":false,"template":"","format":"standard","meta":{"_acf_changed":false,"footnotes":""},"categories":[27],"tags":[],"class_list":["post-8808","post","type-post","status-publish","format-standard","has-post-thumbnail","hentry","category-empreendedorismo"],"acf":[],"_links":{"self":[{"href":"https:\/\/www.meucontadoronline.com.br\/blog\/wp-json\/wp\/v2\/posts\/8808","targetHints":{"allow":["GET"]}}],"collection":[{"href":"https:\/\/www.meucontadoronline.com.br\/blog\/wp-json\/wp\/v2\/posts"}],"about":[{"href":"https:\/\/www.meucontadoronline.com.br\/blog\/wp-json\/wp\/v2\/types\/post"}],"author":[{"embeddable":true,"href":"https:\/\/www.meucontadoronline.com.br\/blog\/wp-json\/wp\/v2\/users\/25"}],"replies":[{"embeddable":true,"href":"https:\/\/www.meucontadoronline.com.br\/blog\/wp-json\/wp\/v2\/comments?post=8808"}],"version-history":[{"count":3,"href":"https:\/\/www.meucontadoronline.com.br\/blog\/wp-json\/wp\/v2\/posts\/8808\/revisions"}],"predecessor-version":[{"id":9281,"href":"https:\/\/www.meucontadoronline.com.br\/blog\/wp-json\/wp\/v2\/posts\/8808\/revisions\/9281"}],"wp:featuredmedia":[{"embeddable":true,"href":"https:\/\/www.meucontadoronline.com.br\/blog\/wp-json\/wp\/v2\/media\/8838"}],"wp:attachment":[{"href":"https:\/\/www.meucontadoronline.com.br\/blog\/wp-json\/wp\/v2\/media?parent=8808"}],"wp:term":[{"taxonomy":"category","embeddable":true,"href":"https:\/\/www.meucontadoronline.com.br\/blog\/wp-json\/wp\/v2\/categories?post=8808"},{"taxonomy":"post_tag","embeddable":true,"href":"https:\/\/www.meucontadoronline.com.br\/blog\/wp-json\/wp\/v2\/tags?post=8808"}],"curies":[{"name":"wp","href":"https:\/\/api.w.org\/{rel}","templated":true}]}}