{"id":1587,"date":"2020-01-23T00:40:30","date_gmt":"2020-01-23T02:40:30","guid":{"rendered":"https:\/\/www.meucontadoronline.com.br\/blog\/?p=1587"},"modified":"2025-01-31T19:19:44","modified_gmt":"2025-01-31T22:19:44","slug":"calculo-de-inss-para-2020-quanto-sera-o-desconto-na-sua-folha-de-pagamento","status":"publish","type":"post","link":"https:\/\/www.meucontadoronline.com.br\/blog\/calculo-de-inss-para-2020-quanto-sera-o-desconto-na-sua-folha-de-pagamento\/","title":{"rendered":"C\u00e1lculo de INSS a partir de Mar\u00e7o de 2020. Quanto ser\u00e1 o desconto na sua folha de pagamento?"},"content":{"rendered":"<p>A Reforma da Previd\u00eancia instituiu uma nova metodologia para realizar os c\u00e1lculos de INSS a serem descontados dos empregados. Antes da Reforma, o c\u00e1lculo seguia uma tabela progressiva com al\u00edquotas de 8% at\u00e9 11%. A partir de Mar\u00e7o de 2020, os c\u00e1lculos mudar\u00e3o. Neste artigo explicaremos todos os detalhes referentes ao novo c\u00e1lculo. Confira abaixo!<\/p>\n<p><strong><br \/>\nComo era realizado o c\u00e1lculo antes da Reforma da Previd\u00eancia?<\/strong><\/p>\n<p>O c\u00e1lculo considerava o sal\u00e1rio integralmente. Identificava-se a qual faixa o sal\u00e1rio pertencia, posterior a isso, aplicava-se a al\u00edquota.<\/p>\n<p><img loading=\"lazy\" decoding=\"async\" src=\"https:\/\/www.meucontadoronline.com.br\/blog\/wp-content\/uploads\/2020\/01\/Tabela-INSS-3-1.jpg\" alt=\"\" width=\"393\" height=\"107\" class=\"alignnone size-full wp-image-1594\" srcset=\"https:\/\/www.meucontadoronline.com.br\/blog\/wp-content\/uploads\/2020\/01\/Tabela-INSS-3-1.jpg 393w, https:\/\/www.meucontadoronline.com.br\/blog\/wp-content\/uploads\/2020\/01\/Tabela-INSS-3-1-300x82.jpg 300w\" sizes=\"auto, (max-width: 393px) 100vw, 393px\" \/><\/p>\n<p><strong><\/p>\n<p>Para facilitar, segue um exemplo:<\/strong><\/p>\n<p>Um trabalhador cujo sal\u00e1rio bruto corresponde a R$ 3.000,00 ter\u00e1 um desconto de R$ 330,00 a t\u00edtulo de INSS, pois de acordo com a tabela progressiva, este valor enquadra-se na terceira faixa sal\u00e1rial, cuja aliquota \u00e9 de 11%. Sendo assim, temos:<\/p>\n<p><strong>R$ 3.000,00 x 11% = R$ 330,00.<\/strong><\/p>\n<p><strong>Como ser\u00e1 o c\u00e1lculo a partir de Mar\u00e7o de 2020?<\/strong><\/p>\n<p>O sal\u00e1rio bruto ser\u00e1 segmentado de acordo com as faixas salariais. Para facilitar, segue a nova tabela bem como um exemplo de c\u00e1lculo:<\/p>\n<p><img loading=\"lazy\" decoding=\"async\" src=\"https:\/\/www.meucontadoronline.com.br\/blog\/wp-content\/uploads\/2020\/01\/Sem-t\u00edtulo2.jpg\" width=\"449\" height=\"153\" alt=\"\" class=\"wp-image-1668 alignnone size-full\" srcset=\"https:\/\/www.meucontadoronline.com.br\/blog\/wp-content\/uploads\/2020\/01\/Sem-t\u00edtulo2.jpg 449w, https:\/\/www.meucontadoronline.com.br\/blog\/wp-content\/uploads\/2020\/01\/Sem-t\u00edtulo2-300x102.jpg 300w\" sizes=\"auto, (max-width: 449px) 100vw, 449px\" \/><\/p>\n<p>Um trabalhador cujo sal\u00e1rio bruto corresponde a R$ 3.000,00 ter\u00e1 um desconto de R$ 281,64, pois, de acordo com o novo c\u00e1lculo, este sal\u00e1rio ser\u00e1 segmentado em tr\u00eas faixas. Confira abaixo:<\/p>\n<p>Na primeira faixa ser\u00e1 aplicada a aliquota de 7,5% sobre o valor de R$ 1.045,00;<\/p>\n<p>Na segunda faixa ser\u00e1 considerado o valor de R$ 1.044,60 e sobre este valor ser\u00e1 aplicada a aliquota de 9%;<\/p>\n<p>Por fim, na terceira faixa ser\u00e1 considerado o valor remanescente (R$ 910,40) e sobre este, ser\u00e1 aplicada a aliquota de 12%.<\/p>\n<p><strong>Com isso temos:<\/p>\n<p>R$ 1.045,00 x 7,5% = R$ 78,38<br \/>\nR$ 1.044,59 x 9% = R$ 94,01<br \/>\nR$ 910,41 x 12% = R$ 109,25  <\/strong><\/p>\n<p><strong>Somando os resultados, chegamos ao valor de R$ 281,64, este ser\u00e1 o novo desconto a partir de Mar\u00e7o de 2020.<\/strong><\/p>\n<p><strong>Lembrando que: <\/strong><\/p>\n<p>Para saber quando a altera\u00e7\u00e3o ser\u00e1 percebida por voc\u00ea enquanto trabalhador, temos que analisar qual o regime de c\u00e1lculo da folha de pagamento da sua empresa:  Caixa ou Compet\u00eancia.<\/p>\n<p>Se voc\u00ea recebe no 5\u00b0 dia \u00fatil do m\u00eas subsequente, ou seja, se o sal\u00e1rio do m\u00eas 03\/2020 ser\u00e1 pago no dia 06\/04\/2020, a sua empresa segue o regime de caixa e voc\u00ea notar\u00e1 a diferen\u00e7a do desconto em Abril de 2020 ( pois o recebimento ocorrer\u00e1 em Abril\/2020).<\/p>\n<p>Se voc\u00ea recebe no \u00faltimo dia \u00fatil do m\u00eas , ou seja, se o sal\u00e1rio do m\u00eas 03\/2020 ser\u00e1 pago no dia  31\/03\/2020, a sua empresa segue o regime de compet\u00eancia e voc\u00ea notar\u00e1 a diferen\u00e7a j\u00e1 no recebimento do m\u00eas de Mar\u00e7o de 2020.<\/p>\n<p><strong>Outro detalhe que \u00e9 importante salientar: <\/strong><\/p>\n<p>A primeira faixa de c\u00e1lculo de acordo com a calculadora da Previd\u00eancia inicia com o valor de R$ 998,00 que corresponde ao sal\u00e1rio m\u00ednimo vigente em 2019.<\/p>\n<p>O sal\u00e1rio m\u00ednimo para 2020 j\u00e1 foi ajustado para R$ 1.045,00, mas, a calculadora ainda n\u00e3o foi atualizada, \u00e9 prov\u00e1vel que a mesma sofrer\u00e1 atualiza\u00e7\u00f5es at\u00e9 Mar\u00e7o de 2020.<\/p>\n<p>Sendo assim, os valores descritos acima, s\u00e3o v\u00e1lidos considerando o sal\u00e1rio minimo vigente (R$ 1045,00). O site da Previdencia disponibiliza uma calculadora que demonstra o novo c\u00e1lculo e para simula\u00e7\u00f5es \u00e9 muito v\u00e1lida pois o metodo de calculo \u00e9 o mesmo, mas \u00e9 importante informar que a mesma n\u00e3o est\u00e1 atualizada, logo, os valores n\u00e3o bater\u00e3o, na atualidade, ela \u00e9 \u00fatil apenas para entendimento do c\u00e1lculo.<\/p>\n<p><strong>Como realizar as simula\u00e7\u00f5es?<\/strong><\/p>\n<p>O site da Previd\u00eancia disponibiliza uma calculadora para realizar as simula\u00e7\u00f5es. Clique abaixo e confira:<\/p>\n<p><a href=\"https:\/\/www.servicos.gov.br\/calculadora\/aliquota\" rel=\"noopener\">https:\/\/www.servicos.gov.br\/calculadora\/aliquota<\/a>&lt;img<\/p>\n<p><a href=\"https:\/\/creativecommons.org\/licenses\/by-sa\/4.0\/deed.pt_BR\" rel=\"license noopener\"><img decoding=\"async\" class=\"aligncenter\" style=\"border-width: 0\" src=\"https:\/\/i.creativecommons.org\/l\/by-sa\/4.0\/80x15.png\" alt=\"Licen\u00e7a Creative Commons\"><\/a><\/p>\n<p style=\"text-align: center\">Este trabalho est\u00e1 licenciado com uma Licen\u00e7a Creative Commons<\/p>\n<p style=\"text-align: center\"><a href=\"https:\/\/creativecommons.org\/licenses\/by-sa\/4.0\/deed.pt_BR\" rel=\"noopener\">Atribui\u00e7\u00e3o-Compartilha Igual 4.0 Internacional<\/a><\/p>\n<p><\/p>\n<p style=\"text-align: center\">Todo conte\u00fado do Blog do Meu Contador Online est\u00e1 disponibilizado com base na licen\u00e7a Creative Commons, que d\u00e1 o direito de compartilhamento integral e parcial, desde que seja citada a fonte inclusive se compartilhado a partir de um compartilhamento.<\/p>\n<p>Se um site compartilhar nosso conte\u00fado, dever\u00e1 inserir o link que leva ao original em nosso blog, e caso um terceiro compartilhe a partir desse site que est\u00e1 compartilhando, dever\u00e1 indicar nosso blog como sendo a fonte original, inserindo nosso link como refer\u00eancia.<\/p>\n<p><span style=\"text-align: center\">Voc\u00ea n\u00e3o est\u00e1 proibido de usar nosso conte\u00fado em seu site, blog ou trabalho acad\u00eamico, pelo contr\u00e1rio, desde que coloque o link que aponta para o artigo original em nosso blog concedendo aos nossos editores os cr\u00e9ditos pelo trabalho de cria\u00e7\u00e3o que fizeram. Obrigado.<\/span><\/p>\n<p><\/p>\n<h2 style=\"text-align: center;\">Contabilidade Online descomplicada e econ\u00f4mica para a sua empresa<\/h2>\n<p style=\"text-align: center;\">a partir de<\/p>\n<h3 style=\"text-align: center;\">R$ 199,00\/m\u00eas<\/h3>\n<p><\/p>","protected":false},"excerpt":{"rendered":"<p>A Reforma da Previd\u00eancia instituiu uma nova metodologia para realizar os c\u00e1lculos de INSS a serem descontados dos empregados. Antes da Reforma, o c\u00e1lculo seguia uma tabela progressiva com al\u00edquotas de 8% at\u00e9 11%. A partir de Mar\u00e7o de 2020, os c\u00e1lculos mudar\u00e3o. Neste artigo explicaremos todos os detalhes referentes ao novo c\u00e1lculo. Confira abaixo! [&hellip;]<\/p>\n","protected":false},"author":2,"featured_media":1623,"comment_status":"open","ping_status":"open","sticky":false,"template":"","format":"standard","meta":{"_acf_changed":false,"footnotes":""},"categories":[31,28],"tags":[107,106,109,108],"class_list":["post-1587","post","type-post","status-publish","format-standard","has-post-thumbnail","hentry","category-destaques","category-folha-de-pagamento","tag-calculo-de-inss","tag-inss-2020","tag-salario-minimo-2020","tag-tabela-inss-2020"],"acf":[],"_links":{"self":[{"href":"https:\/\/www.meucontadoronline.com.br\/blog\/wp-json\/wp\/v2\/posts\/1587","targetHints":{"allow":["GET"]}}],"collection":[{"href":"https:\/\/www.meucontadoronline.com.br\/blog\/wp-json\/wp\/v2\/posts"}],"about":[{"href":"https:\/\/www.meucontadoronline.com.br\/blog\/wp-json\/wp\/v2\/types\/post"}],"author":[{"embeddable":true,"href":"https:\/\/www.meucontadoronline.com.br\/blog\/wp-json\/wp\/v2\/users\/2"}],"replies":[{"embeddable":true,"href":"https:\/\/www.meucontadoronline.com.br\/blog\/wp-json\/wp\/v2\/comments?post=1587"}],"version-history":[{"count":56,"href":"https:\/\/www.meucontadoronline.com.br\/blog\/wp-json\/wp\/v2\/posts\/1587\/revisions"}],"predecessor-version":[{"id":5687,"href":"https:\/\/www.meucontadoronline.com.br\/blog\/wp-json\/wp\/v2\/posts\/1587\/revisions\/5687"}],"wp:featuredmedia":[{"embeddable":true,"href":"https:\/\/www.meucontadoronline.com.br\/blog\/wp-json\/wp\/v2\/media\/1623"}],"wp:attachment":[{"href":"https:\/\/www.meucontadoronline.com.br\/blog\/wp-json\/wp\/v2\/media?parent=1587"}],"wp:term":[{"taxonomy":"category","embeddable":true,"href":"https:\/\/www.meucontadoronline.com.br\/blog\/wp-json\/wp\/v2\/categories?post=1587"},{"taxonomy":"post_tag","embeddable":true,"href":"https:\/\/www.meucontadoronline.com.br\/blog\/wp-json\/wp\/v2\/tags?post=1587"}],"curies":[{"name":"wp","href":"https:\/\/api.w.org\/{rel}","templated":true}]}}